{"id":77788,"date":"2023-01-25T15:27:10","date_gmt":"2023-01-25T15:27:10","guid":{"rendered":"https:\/\/straypaws-swiss.ch\/wp\/?p=77788"},"modified":"2026-03-02T16:16:38","modified_gmt":"2026-03-02T16:16:38","slug":"lola","status":"publish","type":"post","link":"https:\/\/straypaws-swiss.ch\/wp\/77788\/lola\/","title":{"rendered":"Lola"},"content":{"rendered":"\n<p><strong>H\u00fcndin \/ Mischling<\/strong><\/p>\n\n\n\n<ul class=\"wp-block-list\">\n<li><strong>Geboren<\/strong>: Februar 2022<\/li>\n\n\n\n<li><strong>Gewicht: <\/strong>10kg<\/li>\n\n\n\n<li><strong>Gr\u00f6sse: <\/strong>S-M<\/li>\n\n\n\n<li><strong>Schulterh\u00f6he: <\/strong>+\/- 45cm<\/li>\n\n\n\n<li><strong>Besonderheiten:<\/strong> \u2013<\/li>\n\n\n\n<li><strong>Charakter: <\/strong>Verspielt, aufgeschlossen, neugierig, aktiv,  sehr menschenbezogen und verschmust<\/li>\n\n\n\n<li><strong>Kastriert:&nbsp;<\/strong>Ja<\/li>\n\n\n\n<li><strong>Aufenthaltsort:&nbsp;<\/strong>Krestena<\/li>\n\n\n\n<li><strong>Wie zu Stray Paws gekommen:<\/strong> Lola und ihre Schwester lebten bei einer \u00e4lteren Dame im Garten, doch vor dem Winter mussten sie gehen, sonst w\u00fcrde man sie einschl\u00e4fern lassen.<\/li>\n<\/ul>\n","protected":false},"excerpt":{"rendered":"<p>H\u00fcndin \/ Mischling<\/p>\n","protected":false},"author":3,"featured_media":83010,"comment_status":"open","ping_status":"closed","sticky":false,"template":"","format":"standard","meta":{"footnotes":""},"categories":[29,25,57,52,58,30],"tags":[],"class_list":["post-77788","post","type-post","status-publish","format-standard","has-post-thumbnail","hentry","category-erwachsener-hund","category-in-der-vermittlung","category-klein","category-krestena","category-mittel","category-weiblich"],"_links":{"self":[{"href":"https:\/\/straypaws-swiss.ch\/wp\/wp-json\/wp\/v2\/posts\/77788","targetHints":{"allow":["GET"]}}],"collection":[{"href":"https:\/\/straypaws-swiss.ch\/wp\/wp-json\/wp\/v2\/posts"}],"about":[{"href":"https:\/\/straypaws-swiss.ch\/wp\/wp-json\/wp\/v2\/types\/post"}],"author":[{"embeddable":true,"href":"https:\/\/straypaws-swiss.ch\/wp\/wp-json\/wp\/v2\/users\/3"}],"replies":[{"embeddable":true,"href":"https:\/\/straypaws-swiss.ch\/wp\/wp-json\/wp\/v2\/comments?post=77788"}],"version-history":[{"count":1,"href":"https:\/\/straypaws-swiss.ch\/wp\/wp-json\/wp\/v2\/posts\/77788\/revisions"}],"predecessor-version":[{"id":86066,"href":"https:\/\/straypaws-swiss.ch\/wp\/wp-json\/wp\/v2\/posts\/77788\/revisions\/86066"}],"wp:featuredmedia":[{"embeddable":true,"href":"https:\/\/straypaws-swiss.ch\/wp\/wp-json\/wp\/v2\/media\/83010"}],"wp:attachment":[{"href":"https:\/\/straypaws-swiss.ch\/wp\/wp-json\/wp\/v2\/media?parent=77788"}],"wp:term":[{"taxonomy":"category","embeddable":true,"href":"https:\/\/straypaws-swiss.ch\/wp\/wp-json\/wp\/v2\/categories?post=77788"},{"taxonomy":"post_tag","embeddable":true,"href":"https:\/\/straypaws-swiss.ch\/wp\/wp-json\/wp\/v2\/tags?post=77788"}],"curies":[{"name":"wp","href":"https:\/\/api.w.org\/{rel}","templated":true}]}}